{"id":72,"date":"2013-04-13T17:34:32","date_gmt":"2013-04-13T15:34:32","guid":{"rendered":"http:\/\/juerges.eimuth.de\/?p=72"},"modified":"2013-04-13T17:34:32","modified_gmt":"2013-04-13T15:34:32","slug":"zum-30-todestag-der-familie-jurges","status":"publish","type":"post","link":"http:\/\/juerges.eimuth.de\/?p=72","title":{"rendered":"Zum 30. Todestag der Familie J\u00fcrges"},"content":{"rendered":"<p style=\"margin-bottom: 0cm;\"><strong>Den Stummen eine Stimme<\/strong><\/p>\n<p>Sie wollen am Pfingstmontag nach dem Gottesdienst einen Familienausflug ins Gr\u00fcne unternehmen. Am 22. Mai 1983 herrscht Bilderbuchwetter. Im Stadtwald am Oberforsthaus vergn\u00fcgen sich die ersten schon beim Volksfest und vierhundertausend Menschen sind auf der Rhein-Main-Air-Base fasziniert von der todbringenden Technik der Starfighter. Als sich bei der Flugschau einer der Milit\u00e4rjets aus der Formation l\u00f6st, f\u00e4hrt der hellblaue Kombi der Familie auf dem Autobahnzubringer am Waldstadion. Brennende Wrackteile der abst\u00fcrzenden Kampfmaschine treffen den Wagen. Die ganze Stra\u00dfe scheint zu brennen. Martin J\u00fcrges (40), seine Frau Irmtraud (38), sein Sohn Jan (11), seine Tochter Katharina (1) und seine Mutter Erna (77) verbrennen im Auto. Die 19j\u00e4hrige Nichte Gesine Wagner, Patin der kleinen Katharina, erliegt 81 Tage sp\u00e4ter in einer Offenbacher Spezialklinik ihren schweren Verletzungen.<\/p>\n<p>Die erste Todesanzeige erscheint am 24. Mai 1983, unterzeichnet von \u201edeutschen und ausl\u00e4ndischen Bewohnern des Gutleutviertels\u201c. Sie bescheinigt dem Pfarrer, der erst zwei Jahre in der Gemeinde t\u00e4tig war: \u201eMartin J\u00fcrges war seinen Mitmenschen ohne Ansehen des Alters, des Standes, der Religion, der Nationalit\u00e4t verbunden. Er gab ihnen Halt.\u201c<\/p>\n<p style=\"margin-bottom: 0cm;\">Tats\u00e4chlich konnte dieser Mann in k\u00fcrzester Zeit, der Gemeinde und dem Viertel etwas von seinem Lebensmut, seinem Optimismus und seinen Visionen vermitteln. Mit dem ihm eigenen Organisationsgeschick und seiner \u00dcberzeugungskraft erreichte er es, dass die Gutleutgemeinde ein neues Haus in der Gutleutstra\u00dfe 131 bekam. Nach den Vorstellungen von Irmtraud und Martin J\u00fcrges wurde aus dem B\u00fcrogb\u00e4ude ein Pfarrhaus, ein Gemeindest\u00fctzpunkt und bot zudem noch dem Kindergarten Platz.<\/p>\n<p style=\"margin-bottom: 0cm;\">Martin J\u00fcrges und seine Ehefrau arbeiteten zuvor im Stadtjugendpfarramt, er als Stadtjugendpfarrer, sie als Sozialarbeiterin, zust\u00e4ndig f\u00fcr Jugendreisen. Die aktive Mitwirkung am Kirchentag, die F\u00f6rderung der Gruppe \u201eHabakuk\u201c, die Ausrichtung der Sacro-Pop- Festivals, die Schulung der Mitarbeiterinnen und Mitarbeiter, die Einmischung in die Frankfurter Kommunalpolitik mit der Initiative \u201ePO &#8211; Politisch Obdachlose\u201c, die Untersuchung alternativer Lebensstile, die aktive Jugendpolitik, die praktizierte \u00d6kumene \u2013 alles Stichworte, die die Breite und den Aktionsradius dieser besonderen Pfarrerfamilie andeuten.<\/p>\n<p style=\"margin-bottom: 0cm;\">Die Gemeinde, Freunde und Angeh\u00f6rige gedenken der Familie am 22. Mai, um 17 Uhr auf dem Oberr\u00e4der Waldfriedhof und um 18.30 Uhr auf dem Familie-J\u00fcrges-Platz\u00a0 im Gutleutviertel. Auf dem Platz vor dem Beh\u00f6rdenzentrum verlesen Marion und Kurt-Helmuth Eimuth Teste der verstorbenen, begleitet von Lutz Lemh\u00f6fer Querfl\u00f6te.Die Anwohner sind zudem ebenfalls um 17 Uhr in das<a title=\"Nussknacker\" href=\"https:\/\/www.facebook.com\/events\/318715391578175\/?context=create\" target=\"_blank\"> Kaffeehaus Nussknacker, Karlsruher Stra\u00dfe 5<\/a> eingeladen<\/p>\n<p style=\"margin-bottom: 0cm;\">\u00a0<a href=\"http:\/\/juerges.eimuth.de\/wp-content\/uploads\/2013\/05\/130522-Wallau.pdf\">M\u00f6rfelden 22. Mai 2013<\/a>, 18 Uhr, Martin-J\u00fcrges-Weg<\/p>\n<p class=\"MsoNormal\"><span style=\"font-family: Arial; font-size: small;\"><span style=\"font-family: Arial; font-size: 10pt;\">Am Pfingstsonntag, 19.05. wird in einem Festgottesdienst das Gemeindezentrum der Hoffnungsgemeinde in der Hafenstr. 5-7 \u00a0eingeweiht werden.<br \/>\n<\/span><\/span><\/p>\n<p class=\"MsoNormal\"><span style=\"font-family: Arial; font-size: small;\"><span style=\"font-family: Arial; font-size: 10pt;\">Die Paul-Gerhardt-Gemeinde, Niederrad, wird am Pfingstsonntag wie immer im Anschluss an den Gottesdienst ein Gedenken am Kreuz an der Unfallstelle (Otto-Fleck-Schneise) durchf\u00fchren \u2013 ca. 11.45\/12.00 Uhr.<\/span><\/span><\/p>\n<p style=\"margin-bottom: 0cm;\">Kurt-Helmuth Eimuth<\/p>\n<p>&nbsp;<\/p>\n<p>&nbsp;<\/p>\n","protected":false},"excerpt":{"rendered":"<p>Den Stummen eine Stimme Sie wollen am Pfingstmontag nach dem Gottesdienst einen Familienausflug ins Gr\u00fcne unternehmen. Am 22. Mai 1983 herrscht Bilderbuchwetter. Im Stadtwald am Oberforsthaus vergn\u00fcgen sich die ersten schon beim Volksfest und vierhundertausend Menschen sind auf der Rhein-Main-Air-Base &hellip; <a href=\"http:\/\/juerges.eimuth.de\/?p=72\">Weiterlesen <span class=\"meta-nav\">&rarr;<\/span><\/a><\/p>\n","protected":false},"author":1,"featured_media":0,"comment_status":"open","ping_status":"open","sticky":false,"template":"","format":"standard","meta":[],"categories":[1,18],"tags":[],"_links":{"self":[{"href":"http:\/\/juerges.eimuth.de\/index.php?rest_route=\/wp\/v2\/posts\/72"}],"collection":[{"href":"http:\/\/juerges.eimuth.de\/index.php?rest_route=\/wp\/v2\/posts"}],"about":[{"href":"http:\/\/juerges.eimuth.de\/index.php?rest_route=\/wp\/v2\/types\/post"}],"author":[{"embeddable":true,"href":"http:\/\/juerges.eimuth.de\/index.php?rest_route=\/wp\/v2\/users\/1"}],"replies":[{"embeddable":true,"href":"http:\/\/juerges.eimuth.de\/index.php?rest_route=%2Fwp%2Fv2%2Fcomments&post=72"}],"version-history":[{"count":0,"href":"http:\/\/juerges.eimuth.de\/index.php?rest_route=\/wp\/v2\/posts\/72\/revisions"}],"wp:attachment":[{"href":"http:\/\/juerges.eimuth.de\/index.php?rest_route=%2Fwp%2Fv2%2Fmedia&parent=72"}],"wp:term":[{"taxonomy":"category","embeddable":true,"href":"http:\/\/juerges.eimuth.de\/index.php?rest_route=%2Fwp%2Fv2%2Fcategories&post=72"},{"taxonomy":"post_tag","embeddable":true,"href":"http:\/\/juerges.eimuth.de\/index.php?rest_route=%2Fwp%2Fv2%2Ftags&post=72"}],"curies":[{"name":"wp","href":"https:\/\/api.w.org\/{rel}","templated":true}]}}