{"id":845,"date":"2013-05-13T06:41:30","date_gmt":"2013-05-13T04:41:30","guid":{"rendered":"http:\/\/juerges.eimuth.de\/?p=845"},"modified":"2013-05-13T06:41:30","modified_gmt":"2013-05-13T04:41:30","slug":"erklarung-der-kirchenleitung-zum-30-todestag","status":"publish","type":"post","link":"http:\/\/juerges.eimuth.de\/?p=845","title":{"rendered":"Erkl\u00e4rung der Kirchenleitung zum 30. Todestag"},"content":{"rendered":"<h3 style=\"margin: 0cm 0cm 0pt;\"><b><span style=\"font-size: x-large;\"><span style=\"font-size: 16pt; font-family: Arial;\">Pressemitteilung 40 \/ 2013<\/span><\/span><\/b><\/h3>\n<p class=\"MsoHeader\" style=\"text-align: center; margin: 0cm 0cm 0pt;\" align=\"center\">\n<p class=\"MsoBodyText\" style=\"margin-bottom: 0pt; text-align: center; margin-left: 0cm; margin-right: 0cm; mso-margin-top-alt: 6.0pt;\" align=\"center\"><b><span style=\"font-family: Arial; font-size: x-large;\"><span style=\"font-size: 20pt; font-family: Arial; font-weight: bold;\">\u201eIhr Verm\u00e4chtnis ist der Frieden\u201c <\/span><\/span><\/b><\/p>\n<p class=\"MsoBodyText\" style=\"margin-bottom: 0pt; text-align: center; margin-left: 0cm; margin-right: 0cm; mso-margin-top-alt: 6.0pt;\" align=\"center\"><b><span style=\"font-family: Arial; font-size: x-large;\"><span style=\"font-size: 16pt; font-family: Arial; font-weight: bold;\">Kirchenpr\u00e4sident Jung erinnert an den tragischen Tod der Frankfurter Pfarrersfamilie J\u00fcrges vor 30 Jahren<\/span><\/span><\/b><\/p>\n<p class=\"MsoNormal\">\n<p class=\"MsoNormal\" style=\"text-align: justify;\"><span style=\"font-family: Arial; font-size: small;\"><span style=\"font-size: 10pt; font-family: Arial;\">Darmstadt\/Frankfurt a.M., 13. Mai 2013. Der Kirchenpr\u00e4sident der Evangelischen Kirche in Hessen und Nassau, Dr. Volker Jung hat an den tragischen Tod der Frankfurter Pfarrersfamilie J\u00fcrges vor 30 Jahren erinnert. Am Pfingstsonntag, dem 22. Mai 1983, war w\u00e4hrend einer Flugschau auf dem damaligen milit\u00e4rischen Teil des Rhein-Main-Flughafens ein kanadischer Kampfjet abgest\u00fctzt und hatte den Wagen der Pfarrersfamilie getroffen. Martin J\u00fcrges (40), seine Frau Irmtraud (38), seine Mutter Erna (77) und seine beiden Kinder Katharina (1) und Jan (11) starben sofort am Ungl\u00fccksort nahe der heutigen Commerzbank-Arena. Die 19-j\u00e4hrige Nichte Gesine Wagner erlag knapp drei Monate sp\u00e4ter ihren schweren Verbrennungen.<\/span><\/span><\/p>\n<p class=\"MsoNormal\" style=\"text-align: justify;\">\n<p class=\"MsoNormal\" style=\"text-align: justify;\"><span style=\"font-family: Arial; font-size: small;\"><span style=\"font-size: 10pt; font-family: Arial;\">Kirchenpr\u00e4sident Jung bezeichnete das Ungl\u00fcck, das sich anl\u00e4sslich einer Waffenschau ereignet hatte, als \u201etragisch und verst\u00f6rend\u201c. Das Kampfflugzeug traf die Familie eines friedensbewegten Pfarrers und l\u00f6schte sie aus. W\u00f6rtlich sagte Jung: \u201eDie Evangelische Kirche in Hessen und Nassau erinnert an Pfarrer Martin J\u00fcrges und seine Familie sowie an Gesine Wagner. Im Feuer ist ihr Leben verbrannt. Ihr Verm\u00e4chtnis ist der Frieden.\u201c <\/span><\/span><\/p>\n<p class=\"MsoNormal\" style=\"text-align: justify;\">\n<p class=\"MsoNormal\" style=\"text-align: justify;\"><span style=\"font-family: Arial; font-size: small;\"><span style=\"font-size: 10pt; font-family: Arial;\">Nach Worten von Jung ist das Ungl\u00fcck bis heute ein Mahnzeichen daf\u00fcr, dass R\u00fcstung jederzeit auch im Frieden t\u00f6ten k\u00f6nne. \u201eWir brauchen nicht mehr, sondern weniger Waffen in der Welt, um den Frieden zu sichern. Das galt damals schon, und es gilt heute immer noch\u201c, so Jung. Der Kirchenpr\u00e4sident verwies dabei auch darauf, dass Deutschland derzeit der drittgr\u00f6\u00dfte Waffenexporteur der Welt sei. Im Ringen um einen gerechten Frieden auf der Welt komme es aber vorrangig darauf an, \u201eWaffenpotenziale abzubauen, die zivile Konfliktbearbeitung zu st\u00e4rken und menschliche Sicherheit sowie menschliche Entwicklung zu verwirklichen.\u201c<\/span><\/span><\/p>\n<p class=\"MsoNormal\" style=\"text-align: justify;\">\n<p class=\"MsoNormal\" style=\"text-align: justify;\"><span style=\"font-family: Arial; font-size: small;\"><span style=\"font-size: 10pt; font-family: Arial;\">Der in Detmold geborene Martin J\u00fcrges war von 1975 bis 1981 Stadtjugendpfarrer in Frankfurt. In dieser Funktion und als Vorsitzender des Frankfurter Jugendrings pr\u00e4gte er die Jugendpolitik der Stadt. Seit Beginn der 1980er Jahre war er wie viele andere evangelische Christen und Christinnen in der damaligen Friedensbewegung engagiert, die sich gegen den sogenannten NATO-Doppelbeschluss gebildet hatte. Seit 1981 wirkte er als Gemeindepfarrer im Frankfurter Gutleutviertel. Heute erinnert am Beh\u00f6rdenzentrum unweit des Frankfurter Hauptbahnhofes ein Gedenkstein auf dem Familie-J\u00fcrges-Platz an das tragische Geschehen vor 30 Jahren. <\/span><\/span><\/p>\n<p class=\"MsoNormal\" style=\"text-align: justify;\">\n<p class=\"MsoNormal\" style=\"text-align: justify;\"><span style=\"font-family: Arial; font-size: small;\"><span style=\"font-size: 10pt; font-family: Arial;\">Gedenkfeiern sind f\u00fcr den 22. Mai um 17 Uhr auf dem Oberr\u00e4der Waldfriedhof und um 18.30 Uhr auf dem Familie-J\u00fcrges-Platz in Frankfurt geplant. Mehr Informationen bietet auch die neue Internetseite: <span style=\"color: black;\"><span style=\"color: black;\"><a title=\"blocked::http:\/\/www.familie-j\u00fcrges.de\/\" href=\"http:\/\/www.familie-j\u00fcrges.de\/\"><span style=\"color: black;\" title=\"blocked::http:\/\/www.familie-j\u00fcrges.de\/\"><span style=\"color: black; text-decoration: none;\" title=\"blocked::http:\/\/www.familie-j\u00fcrges.de\/\">www.familie-j\u00fcrges.de<\/span><\/span><\/a>. <\/span><\/span><\/span><\/span><\/p>\n<p class=\"MsoNormal\" style=\"text-align: justify;\">\n<p class=\"MsoNormal\" style=\"text-align: justify;\">\n<p class=\"MsoNormal\" style=\"text-align: justify;\">\n<p class=\"MsoNormal\" style=\"text-align: justify;\"><span style=\"font-family: Arial; font-size: small;\"><span style=\"font-size: 10pt; font-family: Arial;\">Ein Bildmotiv zum Thema ist im Internet abrufbar unter: www.ekhn.de\/presse. <\/span><\/span><\/p>\n","protected":false},"excerpt":{"rendered":"<p>Pressemitteilung 40 \/ 2013 \u201eIhr Verm\u00e4chtnis ist der Frieden\u201c Kirchenpr\u00e4sident Jung erinnert an den tragischen Tod der Frankfurter Pfarrersfamilie J\u00fcrges vor 30 Jahren Darmstadt\/Frankfurt a.M., 13. Mai 2013. Der Kirchenpr\u00e4sident der Evangelischen Kirche in Hessen und Nassau, Dr. Volker Jung &hellip; <a href=\"http:\/\/juerges.eimuth.de\/?p=845\">Weiterlesen <span class=\"meta-nav\">&rarr;<\/span><\/a><\/p>\n","protected":false},"author":1,"featured_media":0,"comment_status":"open","ping_status":"open","sticky":false,"template":"","format":"standard","meta":[],"categories":[10],"tags":[],"_links":{"self":[{"href":"http:\/\/juerges.eimuth.de\/index.php?rest_route=\/wp\/v2\/posts\/845"}],"collection":[{"href":"http:\/\/juerges.eimuth.de\/index.php?rest_route=\/wp\/v2\/posts"}],"about":[{"href":"http:\/\/juerges.eimuth.de\/index.php?rest_route=\/wp\/v2\/types\/post"}],"author":[{"embeddable":true,"href":"http:\/\/juerges.eimuth.de\/index.php?rest_route=\/wp\/v2\/users\/1"}],"replies":[{"embeddable":true,"href":"http:\/\/juerges.eimuth.de\/index.php?rest_route=%2Fwp%2Fv2%2Fcomments&post=845"}],"version-history":[{"count":0,"href":"http:\/\/juerges.eimuth.de\/index.php?rest_route=\/wp\/v2\/posts\/845\/revisions"}],"wp:attachment":[{"href":"http:\/\/juerges.eimuth.de\/index.php?rest_route=%2Fwp%2Fv2%2Fmedia&parent=845"}],"wp:term":[{"taxonomy":"category","embeddable":true,"href":"http:\/\/juerges.eimuth.de\/index.php?rest_route=%2Fwp%2Fv2%2Fcategories&post=845"},{"taxonomy":"post_tag","embeddable":true,"href":"http:\/\/juerges.eimuth.de\/index.php?rest_route=%2Fwp%2Fv2%2Ftags&post=845"}],"curies":[{"name":"wp","href":"https:\/\/api.w.org\/{rel}","templated":true}]}}