{"id":912,"date":"2013-05-24T05:25:43","date_gmt":"2013-05-24T03:25:43","guid":{"rendered":"http:\/\/juerges.eimuth.de\/?p=912"},"modified":"2013-05-24T05:25:43","modified_gmt":"2013-05-24T03:25:43","slug":"der-22-mai-soll-friedenstag-werden","status":"publish","type":"post","link":"http:\/\/juerges.eimuth.de\/?p=912","title":{"rendered":"Der 22. Mai soll Friedenstag werden"},"content":{"rendered":"<p><strong><span style=\"font-family: Arial,sans-serif;\"><span style=\"font-size: medium;\">Gedenken an die vor 30 Jahren von einem Starfighter get\u00f6tete Pfarrersfamilie J\u00fcrges.<\/p>\n<p><\/span><\/span><\/strong><span style=\"font-family: Arial,sans-serif;\"><span style=\"font-size: medium;\">Der Todestag der vor 30 Jahren durch den Absturz eines Starfighters get\u00f6teten Frankfurter Pfarrersfamilie J\u00fcrges soll ein \u201eFriedentag\u201c werden. Dies schlug gestern Pfarrer Karsten Petersen w\u00e4hrend einer Andacht am Grab der Familie auf dem Oberr\u00e4der Waldfriedhof vor: \u201eW\u00e4re es nicht an der Zeit, den 22. Mai in Frankfurt in Zukunft zu einem Friedenstag zu machen, einen Tag, an dem die evangelische Kirche, vielleicht gemeinsam auch mit der katholischen Kirche und mit anderen Religionsgemeinschaften regelm\u00e4\u00dfig das Thema \u201eWie kann es Frieden geben in unserer Welt?\u201c mit klugen und informativen Veranstaltungen gestaltet?<\/span><\/span><\/p>\n<div id=\"attachment_885\" style=\"width: 160px\" class=\"wp-caption alignleft\"><a href=\"http:\/\/juerges.eimuth.de\/wp-content\/uploads\/2013\/05\/130522-kleinf-00.jpg\"><img aria-describedby=\"caption-attachment-885\" loading=\"lazy\" class=\"size-thumbnail wp-image-885\" alt=\"Auf dem Oberr\u00e4der Waldfriedhof trafen sich Freunde und Angeh\u00f6rige zum Gedenken Foto: Kurt-Helmuth Eimuth\" src=\"http:\/\/juerges.eimuth.de\/wp-content\/uploads\/2013\/05\/130522-kleinf-00-150x150.jpg\" width=\"150\" height=\"150\" \/><\/a><p id=\"caption-attachment-885\" class=\"wp-caption-text\">Auf dem Oberr\u00e4der Waldfriedhof trafen sich Freunde und Angeh\u00f6rige zum Gedenken<br \/>Foto: Kurt-Helmuth Eimuth<\/p><\/div>\n<p style=\"margin-bottom: 0cm;\">\u00a0<span style=\"font-family: Arial,sans-serif;\"><span style=\"font-size: medium;\">Am Pfingstsonntag, dem 22. Mai 1983, war w\u00e4hrend einer Flugschau auf dem damaligen milit\u00e4rischen Teil des Rhein-Main-Flughafens ein kanadischer Kampfjet abgest\u00fctzt und hatte den Wagen der Pfarrersfamilie getroffen. Martin J\u00fcrges (40), seine Frau Irmtraud (38), seine Mutter Erna (77) und seine beiden Kinder Katharina (1) und Jan (11) starben sofort am Ungl\u00fccksort nahe der heutigen Commerzbank-Arena. Die 19-j\u00e4hrige Nichte Gesine Wagner erlag knapp drei Monate sp\u00e4ter ihren schweren Verbrennungen. Karsten Petersen, damals Pfarrer in der benachbarten Wei\u00dffrauengemeinde, kn\u00fcpfte an die Pressemitteilung des Kirchenpr\u00e4sidenten Volker Jung an. Sie war mit \u201eIhr Verm\u00e4chtnis ist der Frieden\u201c \u00fcberschrieben. \u201eDas sollte sichtbare Konsequenzen haben\u201c, so Petersen. Schlie\u00dflich sei die Infrastruktur mit Akademie und Friedenspfarramt vorhanden.<\/span><\/span><\/p>\n<div id=\"attachment_895\" style=\"width: 160px\" class=\"wp-caption alignleft\"><a href=\"http:\/\/juerges.eimuth.de\/wp-content\/uploads\/2013\/05\/130522-kleinf-10.jpg\"><img aria-describedby=\"caption-attachment-895\" loading=\"lazy\" class=\"size-thumbnail wp-image-895\" alt=\"130522- kleinf-10\" src=\"http:\/\/juerges.eimuth.de\/wp-content\/uploads\/2013\/05\/130522-kleinf-10-150x150.jpg\" width=\"150\" height=\"150\" \/><\/a><p id=\"caption-attachment-895\" class=\"wp-caption-text\">Am Gedenkstein auf dem Familie-J\u00fcrges-Platz war ein Kranz niedergelegt worden. Foto: Kurt-Helmuth Eimuth<\/p><\/div>\n<p style=\"margin-bottom: 0cm;\">\u00a0<span style=\"font-family: Arial,sans-serif;\"><span style=\"font-size: medium;\">Im Gutleutviertel gedachten gestern Abend gut 40 Personen am Familie-J\u00fcrges-Platz vor dem Beh\u00f6rdenzentrum der Familie und auch im Kaffee Nu\u00dfknacker wurden Texte der Verstorbenen verlesen.<\/span><\/span><\/p>\n<p style=\"margin-bottom: 0cm;\">Kurt-Helmuth Eimuth, Evangelisches Frankfurt via Internet am 23. Mai 2013<\/p>\n<p>&nbsp;<\/p>\n","protected":false},"excerpt":{"rendered":"<p>Gedenken an die vor 30 Jahren von einem Starfighter get\u00f6tete Pfarrersfamilie J\u00fcrges. Der Todestag der vor 30 Jahren durch den Absturz eines Starfighters get\u00f6teten Frankfurter Pfarrersfamilie J\u00fcrges soll ein \u201eFriedentag\u201c werden. Dies schlug gestern Pfarrer Karsten Petersen w\u00e4hrend einer Andacht &hellip; <a href=\"http:\/\/juerges.eimuth.de\/?p=912\">Weiterlesen <span class=\"meta-nav\">&rarr;<\/span><\/a><\/p>\n","protected":false},"author":1,"featured_media":0,"comment_status":"open","ping_status":"open","sticky":false,"template":"","format":"standard","meta":[],"categories":[10,22,24,14],"tags":[],"_links":{"self":[{"href":"http:\/\/juerges.eimuth.de\/index.php?rest_route=\/wp\/v2\/posts\/912"}],"collection":[{"href":"http:\/\/juerges.eimuth.de\/index.php?rest_route=\/wp\/v2\/posts"}],"about":[{"href":"http:\/\/juerges.eimuth.de\/index.php?rest_route=\/wp\/v2\/types\/post"}],"author":[{"embeddable":true,"href":"http:\/\/juerges.eimuth.de\/index.php?rest_route=\/wp\/v2\/users\/1"}],"replies":[{"embeddable":true,"href":"http:\/\/juerges.eimuth.de\/index.php?rest_route=%2Fwp%2Fv2%2Fcomments&post=912"}],"version-history":[{"count":0,"href":"http:\/\/juerges.eimuth.de\/index.php?rest_route=\/wp\/v2\/posts\/912\/revisions"}],"wp:attachment":[{"href":"http:\/\/juerges.eimuth.de\/index.php?rest_route=%2Fwp%2Fv2%2Fmedia&parent=912"}],"wp:term":[{"taxonomy":"category","embeddable":true,"href":"http:\/\/juerges.eimuth.de\/index.php?rest_route=%2Fwp%2Fv2%2Fcategories&post=912"},{"taxonomy":"post_tag","embeddable":true,"href":"http:\/\/juerges.eimuth.de\/index.php?rest_route=%2Fwp%2Fv2%2Ftags&post=912"}],"curies":[{"name":"wp","href":"https:\/\/api.w.org\/{rel}","templated":true}]}}