{"id":986,"date":"2012-12-13T07:43:00","date_gmt":"2012-12-13T05:43:00","guid":{"rendered":"http:\/\/juerges.eimuth.de\/?p=986"},"modified":"2023-05-13T07:59:27","modified_gmt":"2023-05-13T05:59:27","slug":"danke-gutelutkirche-du-wirst-mir-fehlen-entwidmung-der-gutleutkirche","status":"publish","type":"post","link":"http:\/\/juerges.eimuth.de\/?p=986","title":{"rendered":"\u201eDanke Gutelutkirche, du wirst mir fehlen!\u201c &#8211; Entwidmung der Gutleutkirche"},"content":{"rendered":"\n<p>1.12.2012 Frankfurt, Gutleutstra\u00dfe, unweit des Baseler Platzes.\u00a0 Nebenan der Hauptbahnhof, gegen\u00fcber die alte Gutleutkaserne. Kein Wohlf\u00fchlort. Obwohl hier im Hofgut einst die guten Leute wohnten.<\/p>\n\n\n\n<p>Dieser \u201ehoff der gouden louden&#8220; war ein Auss\u00e4tzigen-Hospiz, das 1283 erstmals urkundlich erw\u00e4hnt wurde. Die guten Leute waren einer mittelalterlichen Tradition folgend, jedoch nicht die Menschen, die sich um die Lepr\u00f6sen k\u00fcmmerten, sondern die Lepr\u00f6sen selber, da sie ihren Helfern den Weg in den Himmel ebneten.<\/p>\n\n\n\n<p>An diesem voradventlichen Samstagnachmittag waren \u00fcber 70 Personen gekommen, um sich von ihrer Gutleutkirche zu verabschieden. Sie soll in einem letzten Gottesdient \u201eentwidmet\u201c werden.<\/p>\n\n\n\n<div class=\"wp-block-image\"><figure class=\"alignright size-large is-resized\"><a href=\"http:\/\/juerges.eimuth.de\/wp-content\/uploads\/2023\/05\/121201-Gutleut-klein-09.jpg\"><img loading=\"lazy\" src=\"http:\/\/juerges.eimuth.de\/wp-content\/uploads\/2023\/05\/121201-Gutleut-klein-09-682x1024.jpg\" alt=\"\" class=\"wp-image-988\" width=\"422\" height=\"633\" srcset=\"http:\/\/juerges.eimuth.de\/wp-content\/uploads\/2023\/05\/121201-Gutleut-klein-09-682x1024.jpg 682w, http:\/\/juerges.eimuth.de\/wp-content\/uploads\/2023\/05\/121201-Gutleut-klein-09-200x300.jpg 200w, http:\/\/juerges.eimuth.de\/wp-content\/uploads\/2023\/05\/121201-Gutleut-klein-09-768x1152.jpg 768w, http:\/\/juerges.eimuth.de\/wp-content\/uploads\/2023\/05\/121201-Gutleut-klein-09-1024x1536.jpg 1024w, http:\/\/juerges.eimuth.de\/wp-content\/uploads\/2023\/05\/121201-Gutleut-klein-09.jpg 1333w\" sizes=\"(max-width: 422px) 100vw, 422px\" \/><\/a><figcaption>Die Gutleutkirche <\/figcaption><\/figure><\/div>\n\n\n\n<p>1958 wurde die Kirche in die H\u00e4userzeile eingepasst. Und doch \u00fcberragt ein Kirchturm die D\u00e4cher der umliegenden H\u00e4user. Erst auf den zweiten Blick f\u00e4llt sie daher auf und der Eingangsbereich ist sicher mit heutigen Mitteln freundlicher zu getsalten.<\/p>\n\n\n\n<p>Hochmodern ihr Raumangebot, aus heutiger Sicht. Denn der Gemeindesaal wurde gleich \u00fcber den Gottesdienstraum gelegt und auch das Gemeindeb\u00fcro fand in der neu gegr\u00fcndeten Gemeinde seinen Platz. Zudem fanden noch Wohnungen im Geb\u00e4ude Platz.<\/p>\n\n\n\n<p>So schlicht wie der Bauk\u00f6rper auch der Innenraum. Drei Stufen zum Altarraum, Holzkreuz, links Lesepult, rechts Kanzel, beide gleich, aus hellem Holz gestaltet. Die Altarwand bilden kleine graue Steinriegel, aus denen auch das Taufbecken gefertigt ist. Wie viele Kinder wurden hier getauft, wie viel Ehen geschlossen, wie viele Trauergottesdienste gehalten? Es m\u00fcssen etwa 7000 Gottesdiensten in diesen fast sechs Jahrzehnten gewesen sein, rechnet Dekan Horst Peter Pohl in seiner Predigt vor.<\/p>\n\n\n\n<figure class=\"wp-block-image size-large is-resized\"><a href=\"http:\/\/juerges.eimuth.de\/wp-content\/uploads\/2023\/05\/121201-Gutleut-klein-24.jpg\"><img loading=\"lazy\" src=\"http:\/\/juerges.eimuth.de\/wp-content\/uploads\/2023\/05\/121201-Gutleut-klein-24-1024x682.jpg\" alt=\"\" class=\"wp-image-989\" width=\"670\" height=\"446\" srcset=\"http:\/\/juerges.eimuth.de\/wp-content\/uploads\/2023\/05\/121201-Gutleut-klein-24-1024x682.jpg 1024w, http:\/\/juerges.eimuth.de\/wp-content\/uploads\/2023\/05\/121201-Gutleut-klein-24-300x200.jpg 300w, http:\/\/juerges.eimuth.de\/wp-content\/uploads\/2023\/05\/121201-Gutleut-klein-24-768x512.jpg 768w, http:\/\/juerges.eimuth.de\/wp-content\/uploads\/2023\/05\/121201-Gutleut-klein-24-1536x1024.jpg 1536w, http:\/\/juerges.eimuth.de\/wp-content\/uploads\/2023\/05\/121201-Gutleut-klein-24.jpg 2000w\" sizes=\"(max-width: 670px) 100vw, 670px\" \/><\/a><figcaption>Dekan Horst Peter Pohl beim rituellen Verh\u00fcllen des Altarraumes  <\/figcaption><\/figure>\n\n\n\n<p>Zwei Pfarrer, die hier gewirkt haben erw\u00e4hnt er. Martin J\u00fcrges, der mit seiner Familie durch den Absturz eines Starfighters am Pfingstmontag 1983 ums Leben kam. Die Erinnerung und das Entsetzen ist in der Gemeinde immer noch wach, obwohl J\u00fcrges nur wenige Jahre hier Dienst tat. Nebenan, vor dem Beh\u00f6rdenzentrum, haben sie den Platz nach Familie J\u00fcrges benannt. Und da ist Johannes Herrmann, \u201eder Helfer aus vollstem Herzen\u201c, wie die Frankfurter Rundschau einst titelte. \u00dcber ein Jahrzehnt hat er hier gewirkt, hat den Gemeindesaal zur Kaffeestube Gutleut umgebaut. Hier k\u00f6nnen alle Esssen \u2013 wer bezahlen kann, zahlt drei Euro. Achtzig Essen, so wird mir sp\u00e4ter mein Tischnachbar erz\u00e4hlen, waren es an diesem Samstagmittag. Drau\u00dfen ist es kalt und hier wird frisch gekocht. Die F\u00fcrsorge f\u00fcr die Armen wurde der Schwerpunkt der Gemeindearbeit.<\/p>\n\n\n\n<p>Eine Entwidmung ist ein Abschiedsgottesdienst. Die Trauer ist zu sp\u00fcren, auch wenn Pfarrerin Jutta Jekel betont, dass es doch ein Neuanfang sei. Immerhin wird nebenan in der Hafenstra\u00dfe 34 Stunden sp\u00e4ter ein nagelneues Gemeindezentrum in Betrieb genommen. \u201eAber das ist keine Kirche\u201c, erschallt es halblaut aber doch deutlich vernehmbar als auch Dekan Pohl auf diesen Umstand hinwies. Theologisch unmissverst\u00e4ndlich und doch einf\u00fchlsam formuliert er, der hier zum ersten und zum letzten Mal predigt: \u201eGott braucht keine H\u00e4user, aber wir brauchen sie.\u201c Und f\u00fcgt an: \u201eWir k\u00f6nnen doch froh sein, wenn Menschen ihre Kirche lieben!\u201c<\/p>\n\n\n\n<figure class=\"wp-block-image size-large\"><a href=\"http:\/\/juerges.eimuth.de\/wp-content\/uploads\/2023\/05\/121201-Gutleut-klein-33.jpg\"><img loading=\"lazy\" width=\"1024\" height=\"682\" src=\"http:\/\/juerges.eimuth.de\/wp-content\/uploads\/2023\/05\/121201-Gutleut-klein-33-1024x682.jpg\" alt=\"\" class=\"wp-image-990\" srcset=\"http:\/\/juerges.eimuth.de\/wp-content\/uploads\/2023\/05\/121201-Gutleut-klein-33-1024x682.jpg 1024w, http:\/\/juerges.eimuth.de\/wp-content\/uploads\/2023\/05\/121201-Gutleut-klein-33-300x200.jpg 300w, http:\/\/juerges.eimuth.de\/wp-content\/uploads\/2023\/05\/121201-Gutleut-klein-33-768x512.jpg 768w, http:\/\/juerges.eimuth.de\/wp-content\/uploads\/2023\/05\/121201-Gutleut-klein-33-1536x1024.jpg 1536w, http:\/\/juerges.eimuth.de\/wp-content\/uploads\/2023\/05\/121201-Gutleut-klein-33.jpg 2000w\" sizes=\"(max-width: 1024px) 100vw, 1024px\" \/><\/a><\/figure>\n\n\n\n<div class=\"wp-block-image\"><figure class=\"alignright size-large is-resized\"><a href=\"http:\/\/juerges.eimuth.de\/wp-content\/uploads\/2023\/05\/121201-Gutleut-klein-49.jpg\"><img loading=\"lazy\" src=\"http:\/\/juerges.eimuth.de\/wp-content\/uploads\/2023\/05\/121201-Gutleut-klein-49-1024x682.jpg\" alt=\"\" class=\"wp-image-991\" width=\"340\" height=\"226\" srcset=\"http:\/\/juerges.eimuth.de\/wp-content\/uploads\/2023\/05\/121201-Gutleut-klein-49-1024x682.jpg 1024w, http:\/\/juerges.eimuth.de\/wp-content\/uploads\/2023\/05\/121201-Gutleut-klein-49-300x200.jpg 300w, http:\/\/juerges.eimuth.de\/wp-content\/uploads\/2023\/05\/121201-Gutleut-klein-49-768x512.jpg 768w, http:\/\/juerges.eimuth.de\/wp-content\/uploads\/2023\/05\/121201-Gutleut-klein-49-1536x1024.jpg 1536w, http:\/\/juerges.eimuth.de\/wp-content\/uploads\/2023\/05\/121201-Gutleut-klein-49.jpg 2000w\" sizes=\"(max-width: 340px) 100vw, 340px\" \/><\/a><\/figure><\/div>\n\n\n\n<p>Zun\u00e4chst werden die Dinge benanntund gesammelt, die mitgenommen werden: Der Kelch, die Bibel, das Gesangbuch und auch die Maria aus der Weihnachtskrippe. Und dann werden nacheinander Altar, Kanzel, Lesepult und Taufbecken mit wei\u00dfen T\u00fcchern verh\u00fcllt. Nein, hier sollen keine M\u00f6bel w\u00e4hrend der Sommerfrische vor dem Staub gesch\u00fctzt werden. Es ist unumkehrbar. Die Gutleutkirche gibt es nicht mehr. An gleicher Stelle wird die Stadt Frankfurt ein Jugendhaus bauen. Das braucht das Viertel dringend.<\/p>\n\n\n\n<figure class=\"wp-block-image size-large\"><a href=\"http:\/\/juerges.eimuth.de\/wp-content\/uploads\/2023\/05\/121201-Gutleut-klein-05.jpg\"><img loading=\"lazy\" width=\"1024\" height=\"682\" src=\"http:\/\/juerges.eimuth.de\/wp-content\/uploads\/2023\/05\/121201-Gutleut-klein-05-1024x682.jpg\" alt=\"\" class=\"wp-image-992\" srcset=\"http:\/\/juerges.eimuth.de\/wp-content\/uploads\/2023\/05\/121201-Gutleut-klein-05-1024x682.jpg 1024w, http:\/\/juerges.eimuth.de\/wp-content\/uploads\/2023\/05\/121201-Gutleut-klein-05-300x200.jpg 300w, http:\/\/juerges.eimuth.de\/wp-content\/uploads\/2023\/05\/121201-Gutleut-klein-05-768x512.jpg 768w, http:\/\/juerges.eimuth.de\/wp-content\/uploads\/2023\/05\/121201-Gutleut-klein-05-1536x1024.jpg 1536w, http:\/\/juerges.eimuth.de\/wp-content\/uploads\/2023\/05\/121201-Gutleut-klein-05.jpg 2000w\" sizes=\"(max-width: 1024px) 100vw, 1024px\" \/><\/a><figcaption>Das neue Gemeindehaus, rechts die Kindertagesst\u00e4tte<\/figcaption><\/figure>\n\n\n\n<p>Es wird noch lange dauern, bis alle gelernt haben, mit ihrer Wehmut zu leben. Doch es hat sich viel ver\u00e4ndert. Die Gemeinden Wei\u00dffrauen, Gutleut und Matth\u00e4us haben zur Hoffnungsgemeinde fusioniert. Am Westhafen ist ein neues, schickes und nicht billiges Viertel entstanden, das Europaviertel, teils zur Gemeinde geh\u00f6rend wird gerade gebaut und das Westend wird wieder st\u00e4rker Wohnquartier. <\/p>\n\n\n\n<p>Text unbd Fotos: Kurt-Helmuth Eimuth<\/p>\n\n\n\n<p><\/p>\n","protected":false},"excerpt":{"rendered":"<p>1.12.2012 Frankfurt, Gutleutstra\u00dfe, unweit des Baseler Platzes.\u00a0 Nebenan der Hauptbahnhof, gegen\u00fcber die alte Gutleutkaserne. Kein Wohlf\u00fchlort. Obwohl hier im Hofgut einst die guten Leute wohnten. Dieser \u201ehoff der gouden louden&#8220; war ein Auss\u00e4tzigen-Hospiz, das 1283 erstmals urkundlich erw\u00e4hnt wurde. Die &hellip; <a href=\"http:\/\/juerges.eimuth.de\/?p=986\">Weiterlesen <span class=\"meta-nav\">&rarr;<\/span><\/a><\/p>\n","protected":false},"author":1,"featured_media":0,"comment_status":"open","ping_status":"open","sticky":false,"template":"","format":"standard","meta":[],"categories":[1],"tags":[],"_links":{"self":[{"href":"http:\/\/juerges.eimuth.de\/index.php?rest_route=\/wp\/v2\/posts\/986"}],"collection":[{"href":"http:\/\/juerges.eimuth.de\/index.php?rest_route=\/wp\/v2\/posts"}],"about":[{"href":"http:\/\/juerges.eimuth.de\/index.php?rest_route=\/wp\/v2\/types\/post"}],"author":[{"embeddable":true,"href":"http:\/\/juerges.eimuth.de\/index.php?rest_route=\/wp\/v2\/users\/1"}],"replies":[{"embeddable":true,"href":"http:\/\/juerges.eimuth.de\/index.php?rest_route=%2Fwp%2Fv2%2Fcomments&post=986"}],"version-history":[{"count":1,"href":"http:\/\/juerges.eimuth.de\/index.php?rest_route=\/wp\/v2\/posts\/986\/revisions"}],"predecessor-version":[{"id":993,"href":"http:\/\/juerges.eimuth.de\/index.php?rest_route=\/wp\/v2\/posts\/986\/revisions\/993"}],"wp:attachment":[{"href":"http:\/\/juerges.eimuth.de\/index.php?rest_route=%2Fwp%2Fv2%2Fmedia&parent=986"}],"wp:term":[{"taxonomy":"category","embeddable":true,"href":"http:\/\/juerges.eimuth.de\/index.php?rest_route=%2Fwp%2Fv2%2Fcategories&post=986"},{"taxonomy":"post_tag","embeddable":true,"href":"http:\/\/juerges.eimuth.de\/index.php?rest_route=%2Fwp%2Fv2%2Ftags&post=986"}],"curies":[{"name":"wp","href":"https:\/\/api.w.org\/{rel}","templated":true}]}}